{"id":7718,"date":"2026-09-01T15:49:46","date_gmt":"2026-09-01T13:49:46","guid":{"rendered":"https:\/\/generativ.fr\/blog\/?p=7718"},"modified":"2026-09-01T15:49:46","modified_gmt":"2026-09-01T13:49:46","slug":"facturation-electronique-2026-pme-deadline","status":"publish","type":"post","link":"https:\/\/generativ.fr\/blog\/2026\/09\/01\/facturation-electronique-2026-pme-deadline\/","title":{"rendered":"Facturation \u00e9lectronique 2026 : la deadline qui teste votre PME"},"content":{"rendered":"\n<p class=\"wp-block-paragraph\">Chez nos clients dirigeants de PME tech, le nouveau sujet c&rsquo;est : \u00ab\u00a0la facturation \u00e9lectronique, c&rsquo;est mon expert-comptable qui g\u00e8re.\u00a0\u00bb C&rsquo;est faux, et c&rsquo;est risqu\u00e9. Le <strong>1er septembre 2026<\/strong>, donc aujourd&rsquo;hui &#8230; Toutes les entreprises fran\u00e7aises assujetties \u00e0 la TVA devront \u00eatre capables de recevoir leurs factures via une plateforme agr\u00e9\u00e9e. Trait\u00e9e comme une formalit\u00e9 de derni\u00e8re minute, cette bascule peut geler votre tr\u00e9sorerie \u00e0 la rentr\u00e9e. <\/p>\n\n\n\n<h2 class=\"wp-block-heading\">Le 1er septembre 2026  c&rsquo;est un test d&rsquo;organisation<\/h2>\n\n\n\n<p class=\"wp-block-paragraph\">Soyons directs. <a href=\"https:\/\/www.urssaf.fr\/accueil\/actualites\/facturation-electronique.html\" target=\"_blank\" rel=\"noopener\"><br> D\u00e8s le 1er septembre 2026, la facturation \u00e9lectronique devient obligatoire pour toutes les entreprises assujetties \u00e0 la TVA<\/a>. <\/p>\n\n\n\n<p class=\"wp-block-paragraph\">Plus de 10 millions d&rsquo;acteurs \u00e9conomiques sont concern\u00e9s par cette r\u00e9forme, selon le minist\u00e8re de l&rsquo;\u00c9conomie. Autrement dit, votre PME de dix, trente ou cent salari\u00e9s est exactement dans le m\u00eame bateau que les groupes du CAC 40, au moins pour l&rsquo;obligation de r\u00e9ception. La diff\u00e9rence se joue sur le  \u00ab\u00a0comment vous vous y \u00eates pr\u00e9par\u00e9\u00a0\u00bb.<\/p>\n\n\n\n<p class=\"wp-block-paragraph\">Le pi\u00e8ge classique du dirigeant press\u00e9 : d\u00e9l\u00e9guer le sujet \u00e0 la comptabilit\u00e9 sans se demander ce que cette bascule change dans le fonctionnement quotidien de l&rsquo;entreprise. Or une facture \u00e9lectronique n&rsquo;est pas un PDF envoy\u00e9 par mail.<br> Une simple facture au format PDF ne sera plus consid\u00e9r\u00e9e comme une facture \u00e9lectronique conforme. Le document doit transiter par un circuit structur\u00e9, ce qui touche vos achats, vos fournisseurs, votre logiciel de gestion, et potentiellement vos d\u00e9lais de paiement.<\/p>\n\n\n\n<h2 class=\"wp-block-heading\">Ce que la loi impose vraiment <\/h2>\n\n\n\n<p class=\"wp-block-paragraph\">Beaucoup de dirigeants confondent deux obligations distinctes. Voici la clarification qui \u00e9vite les mauvaises surprises.<\/p>\n\n\n\n<p class=\"wp-block-paragraph\">Le calendrier est progressif : d\u00e8s le 1er septembre 2026, toutes les entreprises devront \u00eatre en mesure de recevoir des factures \u00e9lectroniques, pr\u00e9cise le site officiel Service Public Entreprendre. C&rsquo;est l&rsquo;obligation universelle, sans exception de taille.<\/p>\n\n\n\n<p class=\"wp-block-paragraph\">L&rsquo;obligation d&rsquo;\u00e9mettre des factures \u00e9lectroniques, elle, suit un calendrier diff\u00e9renci\u00e9. Les grandes entreprises et les ETI doivent \u00e9mettre d\u00e8s le 1er septembre 2026. Les PME, TPE et micro-entreprises n&rsquo;y seront tenues qu&rsquo;au 1er septembre 2027. Cette ann\u00e9e de sursis sur l&rsquo;\u00e9mission ne dispense en rien de l&rsquo;obligation de r\u00e9ception, qui tombe elle d\u00e8s la rentr\u00e9e prochaine.<\/p>\n\n\n\n<p class=\"wp-block-paragraph\">Autre point mal compris : <strong>le circuit technique.<\/strong><br> Le portail public de facturation n&rsquo;offrira pas de service d&rsquo;\u00e9change gratuit : chaque entreprise doit passer par une plateforme agr\u00e9\u00e9e, directement ou via un logiciel connect\u00e9 . Vous devez donc avoir choisi, ou fait choisir par votre \u00e9diteur de logiciel, une plateforme agr\u00e9\u00e9e par la DGFiP avant l&rsquo;\u00e9ch\u00e9ance. <a href=\"https:\/\/www.economie.gouv.fr\/tout-savoir-sur-la-facturation-electronique-pour-les-entreprises\" target=\"_blank\" rel=\"noopener\">Le minist\u00e8re de l&rsquo;\u00c9conomie<\/a> a publi\u00e9 un guide pratique pour accompagner cette bascule, signe que l&rsquo;administration elle-m\u00eame juge le sujet sensible.<\/p>\n\n\n\n<p class=\"wp-block-paragraph\">Sur la sanction, ne pariez pas sur la tol\u00e9rance. Des sanctions sont notamment pr\u00e9vues lorsqu&rsquo;une entreprise n&rsquo;\u00e9met pas de facture \u00e9lectronique, ne recourt pas, volontairement ou non, \u00e0 une plateforme agr\u00e9\u00e9e ou ne transmet pas les donn\u00e9es de paiement requises. La loi de finances pour 2026 a durci le bar\u00e8me : l&rsquo;amende par facture non \u00e9mise \u00e9lectroniquement passe de 15 \u20ac \u00e0 50 \u20ac, dans la limite de 15 000 \u20ac par an. Sur un volume de facturation mensuel classique en PME, la note peut grimper vite.<\/p>\n\n\n\n<figure class=\"wp-block-image aligncenter size-large\"><img decoding=\"async\" src=\"https:\/\/generativ.fr\/blog\/wp-content\/uploads\/2026\/08\/facturation-electronique-2026-pme-deadline-illustration-1024x571.jpg\" alt=\"Deux sc\u00e9narios oppos\u00e9s : blocage de tr\u00e9sorerie versus automatisation r\u00e9investie dans la croissance commerciale\"\/><\/figure>\n\n\n\n<h2 class=\"wp-block-heading\">Le sc\u00e9nario noir : tr\u00e9sorerie bloqu\u00e9e d\u00e8s la rentr\u00e9e<\/h2>\n\n\n\n<p class=\"wp-block-paragraph\">Voici le m\u00e9canisme concret du blocage, celui que je vois arriver chez les dirigeants qui n&rsquo;ont pas anticip\u00e9. Un de vos fournisseurs, grande entreprise ou ETI, doit \u00e9mettre ses factures \u00e9lectroniquement d\u00e8s le 1er septembre 2026. Si votre PME n&rsquo;a pas de plateforme agr\u00e9\u00e9e raccord\u00e9e pour recevoir, la facture n&rsquo;arrive tout simplement pas dans votre syst\u00e8me. Pas de facture re\u00e7ue dans les r\u00e8gles, pas de TVA d\u00e9ductible correctement enregistr\u00e9e. R\u00e9sultat : des d\u00e9lais de paiement qui s&rsquo;allongent, une comptabilit\u00e9 qui patine, et une tr\u00e9sorerie de rentr\u00e9e qui se tend inutilement au pire moment, celui o\u00f9 vous devez financer vos actions commerciales du dernier trimestre.<\/p>\n\n\n\n<p class=\"wp-block-paragraph\">Le risque n&rsquo;est pas th\u00e9orique. Le march\u00e9 des prestataires s&rsquo;est structur\u00e9 \u00e0 grande vitesse : en juillet 2026, 137 plateformes agr\u00e9\u00e9es sont immatricul\u00e9es par la DGFiP. C&rsquo;est \u00e0 la fois une bonne nouvelle, le choix ne manque pas, et un signal d&rsquo;alarme : si vous n&rsquo;avez pas encore choisi la v\u00f4tre \u00e0 quelques semaines de l&rsquo;\u00e9ch\u00e9ance, vous \u00eates en retard sur l&rsquo;\u00e9crasante majorit\u00e9 des entreprises fran\u00e7aises qui ont d\u00e9j\u00e0 tranch\u00e9.<\/p>\n\n\n\n<p class=\"wp-block-paragraph\">Ajoutez \u00e0 cela un facteur souvent oubli\u00e9 par les dirigeants tech habitu\u00e9s aux cycles de vente longs : le temps de param\u00e9trage. Connecter votre logiciel de facturation \u00e0 une plateforme agr\u00e9\u00e9e, tester les flux, former les \u00e9quipes comptables, corriger les rejets de format, tout cela prend en g\u00e9n\u00e9ral plusieurs semaines. <\/p>\n\n\n\n<h2 class=\"wp-block-heading\">Le sc\u00e9nario gagnant : du temps administratif r\u00e9investi dans la vente<\/h2>\n\n\n\n<p class=\"wp-block-paragraph\">Voici o\u00f9 l&rsquo;angle change tout. Une r\u00e9forme mal pr\u00e9par\u00e9e est un risque. Or, l&rsquo;inverse est un gain de temps m\u00e9canique, et le temps gagn\u00e9 en administratif est du temps qu&rsquo;on peut valoriser dans des t\u00e2ches \u00e0 plus fortes valeurs ajout\u00e9es.<\/p>\n\n\n\n<p class=\"wp-block-paragraph\">Concr\u00e8tement : la facturation \u00e9lectronique structure vos donn\u00e9es de facturation dans un format standardis\u00e9. Exit les PDF ressaisis \u00e0 la main, les relances de factures \u00e9gar\u00e9es dans une bo\u00eete mail, les allers-retours avec l&rsquo;expert-comptable pour retrouver une pi\u00e8ce justificative. Une fois le circuit install\u00e9, l&rsquo;essentiel du traitement des factures fournisseurs et clients devient automatique. Chez les PME et ETI qui ont anticip\u00e9 s\u00e9rieusement ce type de bascule administrative, le temps lib\u00e9r\u00e9 se compte en heures par semaine.<\/p>\n\n\n\n<p class=\"wp-block-paragraph\">Le parall\u00e8le est direct avec la logique de l&rsquo;usine de vente que nous construisons chez nos clients : on ne gagne pas en croissance en travaillant plus dur sur des t\u00e2ches \u00e0 faible valeur, mais en supprimant les goulots d&rsquo;\u00e9tranglement pour concentrer l&rsquo;\u00e9nergie humaine l\u00e0 o\u00f9 elle compte.<\/p>\n\n\n\n<h2 class=\"wp-block-heading\">Comment traiter cette \u00e9ch\u00e9ance comme un vrai projet strat\u00e9gique<\/h2>\n\n\n\n<p class=\"wp-block-paragraph\">Pas besoin d&rsquo;un comit\u00e9 de pilotage \u00e0 rallonge. Quatre \u00e9tapes suffisent, \u00e0 condition de les traiter avec la m\u00eame rigueur qu&rsquo;un projet commercial.<\/p>\n\n\n\n<ol class=\"wp-block-list\">\n<li><strong>Auditez votre existant.<\/strong> Contactez votre \u00e9diteur de logiciel de facturation ou votre expert-comptable et posez une question simple : \u00ab\u00a0serons-nous compatibles au 1er septembre 2026, et avec quelle plateforme agr\u00e9\u00e9e ?\u00a0\u00bb Si la r\u00e9ponse est floue, c&rsquo;est le premier signal d&rsquo;alerte.<\/li>\n\n\n\n<li><strong>Choisissez votre plateforme agr\u00e9\u00e9e maintenant.<\/strong> Avec plus d&rsquo;une centaine d&rsquo;options immatricul\u00e9es par la DGFiP, comparez sur trois crit\u00e8res concrets : compatibilit\u00e9 avec votre logiciel actuel, co\u00fbt r\u00e9el (certaines plateformes sont incluses dans des offres de comptabilit\u00e9 existantes), et niveau d&rsquo;accompagnement humain propos\u00e9 pour la bascule.<\/li>\n\n\n\n<li><strong>Testez le circuit avant la rentr\u00e9e.<\/strong> Ne d\u00e9couvrez pas un rejet de format le 2 septembre. Faites transiter une facture test avec un fournisseur ou client volontaire d\u00e8s que votre plateforme est raccord\u00e9e.<\/li>\n\n\n\n<li><strong>R\u00e9affectez le temps gagn\u00e9.<\/strong> Une fois le circuit stabilis\u00e9, chiffrez concr\u00e8tement les heures lib\u00e9r\u00e9es c\u00f4t\u00e9 administratif et fixez-vous un objectif clair : les r\u00e9investir dans la prospection, le suivi client ou la structuration de votre pipeline commercial.<\/li>\n<\/ol>\n\n\n\n<h2 class=\"wp-block-heading\">Sources<\/h2>\n\n\n\n<p class=\"wp-block-paragraph\">Urssaf, \u00ab\u00a0La facturation \u00e9lectronique : obligatoire au 1er septembre 2026\u00a0\u00bb. Service Public Entreprendre, \u00ab\u00a0Facturation \u00e9lectronique : soyez pr\u00eat au 1er septembre 2026 !\u00a0\u00bb. Minist\u00e8re de l&rsquo;\u00c9conomie, \u00ab\u00a0Tout savoir sur la facturation \u00e9lectronique pour les entreprises\u00a0\u00bb. Analyses sectorielles La Fabrique du Net, Swapn et Tiime sur le calendrier et les sanctions de la r\u00e9forme.<\/p>\n","protected":false},"excerpt":{"rendered":"<p>Chez nos clients, je vois trop de dirigeants ranger la facturation \u00e9lectronique dans la case \u00ab\u00a0sujet comptable, on verra en ao\u00fbt\u00a0\u00bb. Erreur. Le 1er septembre 2026 approche, et bien trait\u00e9e, cette \u00e9ch\u00e9ance devient un vrai levier d&rsquo;automatisation pour votre PME.<\/p>\n","protected":false},"author":1,"featured_media":7716,"comment_status":"closed","ping_status":"closed","sticky":false,"template":"","format":"standard","meta":{"footnotes":""},"categories":[9],"tags":[],"class_list":["post-7718","post","type-post","status-publish","format-standard","has-post-thumbnail","hentry","category-strategie-commerciale"],"_links":{"self":[{"href":"https:\/\/generativ.fr\/blog\/wp-json\/wp\/v2\/posts\/7718","targetHints":{"allow":["GET"]}}],"collection":[{"href":"https:\/\/generativ.fr\/blog\/wp-json\/wp\/v2\/posts"}],"about":[{"href":"https:\/\/generativ.fr\/blog\/wp-json\/wp\/v2\/types\/post"}],"author":[{"embeddable":true,"href":"https:\/\/generativ.fr\/blog\/wp-json\/wp\/v2\/users\/1"}],"replies":[{"embeddable":true,"href":"https:\/\/generativ.fr\/blog\/wp-json\/wp\/v2\/comments?post=7718"}],"version-history":[{"count":1,"href":"https:\/\/generativ.fr\/blog\/wp-json\/wp\/v2\/posts\/7718\/revisions"}],"predecessor-version":[{"id":7736,"href":"https:\/\/generativ.fr\/blog\/wp-json\/wp\/v2\/posts\/7718\/revisions\/7736"}],"wp:featuredmedia":[{"embeddable":true,"href":"https:\/\/generativ.fr\/blog\/wp-json\/wp\/v2\/media\/7716"}],"wp:attachment":[{"href":"https:\/\/generativ.fr\/blog\/wp-json\/wp\/v2\/media?parent=7718"}],"wp:term":[{"taxonomy":"category","embeddable":true,"href":"https:\/\/generativ.fr\/blog\/wp-json\/wp\/v2\/categories?post=7718"},{"taxonomy":"post_tag","embeddable":true,"href":"https:\/\/generativ.fr\/blog\/wp-json\/wp\/v2\/tags?post=7718"}],"curies":[{"name":"wp","href":"https:\/\/api.w.org\/{rel}","templated":true}]}}